{"id":969,"date":"2023-08-10T09:00:18","date_gmt":"2023-08-10T09:00:18","guid":{"rendered":"https:\/\/bruskelandsheia.no\/?p=969"},"modified":"2023-08-10T09:33:39","modified_gmt":"2023-08-10T09:33:39","slug":"vi-har-opprettet-en-spleis-for-varmepumpe-til-kjelleren","status":"publish","type":"post","link":"https:\/\/bruskelandsheia.no\/?p=969","title":{"rendered":"Vi har opprettet en Spleis for varmepumpe til kjelleren!"},"content":{"rendered":"<p>[et_pb_section fb_built=&raquo;1&#8243; theme_builder_area=&raquo;post_content&raquo; _builder_version=&raquo;4.21.0&#8243; _module_preset=&raquo;default&raquo;][et_pb_row _builder_version=&raquo;4.21.0&#8243; _module_preset=&raquo;default&raquo; theme_builder_area=&raquo;post_content&raquo;][et_pb_column _builder_version=&raquo;4.21.0&#8243; _module_preset=&raquo;default&raquo; type=&raquo;4_4&#8243; theme_builder_area=&raquo;post_content&raquo;][et_pb_text _builder_version=&raquo;4.21.0&#8243; _module_preset=&raquo;default&raquo; theme_builder_area=&raquo;post_content&raquo; hover_enabled=&raquo;0&#8243; sticky_enabled=&raquo;0&#8243;]<\/p>\n<p>Bygdelaget har i en tid holdt p\u00e5 med \u00e5 ruste opp kjelleren p\u00e5 Stova. Kjelleren et tenkt \u00e5 brukes til samling for bygdefolket i form av planlagt eller impulsivt initativ.\u00a0<\/p>\n<p>I den forbindelse er varme avgj\u00f8rende for den tiltenkte bruken og bygdelaget har da bestemt seg for \u00e5 g\u00e5 til Spleis for innsamling av penger til innkj\u00f8pet.\u00a0<\/p>\n<p>Kostnaden er kr 16 000.- og slutt dato er 1. september for selve Spleisen men det er fult mulig \u00e5 vippse penger direkte til bygdelaget via #509955, husk \u00e5 merke med Varmepumpe.<\/p>\n<p>P\u00e5 forh\u00e5nd takk og vi ses kanskje i kjellern!<\/p>\n<p>For innbetaling til Spleis trykk p\u00e5 linken nedenfor.\u00a0\u00a0<\/p>\n<p>\u00a0<a href=\"https:\/\/spleis.no\/329497\">https:\/\/spleis.no\/329497<\/a><\/p>\n<p>mvh Styret i Bruskelandsheia bygdelag og alle medlemmene.<\/p>\n<p>[\/et_pb_text][\/et_pb_column][\/et_pb_row][\/et_pb_section]<\/p>\n","protected":false},"excerpt":{"rendered":"<p>Bygdelaget har i en tid holdt p\u00e5 med \u00e5 ruste opp kjelleren p\u00e5 Stova. Kjelleren et tenkt \u00e5 brukes til samling for bygdefolket i form av planlagt eller impulsivt initativ.\u00a0 [&hellip;]<\/p>\n","protected":false},"author":2,"featured_media":0,"comment_status":"closed","ping_status":"closed","sticky":false,"template":"","format":"standard","meta":{"_et_pb_use_builder":"on","_et_pb_old_content":"","_et_gb_content_width":"","footnotes":""},"categories":[5],"tags":[],"class_list":["post-969","post","type-post","status-publish","format-standard","hentry","category-nyheter"],"_links":{"self":[{"href":"https:\/\/bruskelandsheia.no\/index.php?rest_route=\/wp\/v2\/posts\/969","targetHints":{"allow":["GET"]}}],"collection":[{"href":"https:\/\/bruskelandsheia.no\/index.php?rest_route=\/wp\/v2\/posts"}],"about":[{"href":"https:\/\/bruskelandsheia.no\/index.php?rest_route=\/wp\/v2\/types\/post"}],"author":[{"embeddable":true,"href":"https:\/\/bruskelandsheia.no\/index.php?rest_route=\/wp\/v2\/users\/2"}],"replies":[{"embeddable":true,"href":"https:\/\/bruskelandsheia.no\/index.php?rest_route=%2Fwp%2Fv2%2Fcomments&post=969"}],"version-history":[{"count":2,"href":"https:\/\/bruskelandsheia.no\/index.php?rest_route=\/wp\/v2\/posts\/969\/revisions"}],"predecessor-version":[{"id":973,"href":"https:\/\/bruskelandsheia.no\/index.php?rest_route=\/wp\/v2\/posts\/969\/revisions\/973"}],"wp:attachment":[{"href":"https:\/\/bruskelandsheia.no\/index.php?rest_route=%2Fwp%2Fv2%2Fmedia&parent=969"}],"wp:term":[{"taxonomy":"category","embeddable":true,"href":"https:\/\/bruskelandsheia.no\/index.php?rest_route=%2Fwp%2Fv2%2Fcategories&post=969"},{"taxonomy":"post_tag","embeddable":true,"href":"https:\/\/bruskelandsheia.no\/index.php?rest_route=%2Fwp%2Fv2%2Ftags&post=969"}],"curies":[{"name":"wp","href":"https:\/\/api.w.org\/{rel}","templated":true}]}}