{"id":595,"date":"2022-06-29T06:30:06","date_gmt":"2022-06-29T06:30:06","guid":{"rendered":"https:\/\/bruskelandsheia.no\/?p=595"},"modified":"2022-06-29T06:31:13","modified_gmt":"2022-06-29T06:31:13","slug":"info-ang-bruk-av-krakelandsveien-sommer-2022","status":"publish","type":"post","link":"https:\/\/bruskelandsheia.no\/?p=595","title":{"rendered":"Info ang bruk av Kr\u00e5kelandsveien sommer 2022."},"content":{"rendered":"\n[et_pb_section fb_built=&raquo;1&#8243; theme_builder_area=&raquo;post_content&raquo; _builder_version=&raquo;4.17.4&#8243; _module_preset=&raquo;default&raquo;][et_pb_row _builder_version=&raquo;4.17.4&#8243; _module_preset=&raquo;default&raquo; theme_builder_area=&raquo;post_content&raquo;][et_pb_column _builder_version=&raquo;4.17.4&#8243; _module_preset=&raquo;default&raquo; type=&raquo;4_4&#8243; theme_builder_area=&raquo;post_content&raquo;][et_pb_text _builder_version=&raquo;4.17.4&#8243; _module_preset=&raquo;default&raquo; theme_builder_area=&raquo;post_content&raquo; hover_enabled=&raquo;0&#8243; sticky_enabled=&raquo;0&#8243;]<p>Det har i det sist tiden v\u00e6rt en del usikkerhet rundt dette med bruk av Kr\u00e5kelandsveien i forhold til bygdelagets medlemmer. Styret i Bruskelandsheia bygdelag har i den forbindelse hatt m\u00f8te med grunneiere involvert i b\u00e5de vei og bading. Vi er i samr\u00e5d blitt enige om \u00e5 g\u00e5 ut med f\u00f8lgende:<\/p>\n<p>Til Bygdelagets medlemmer vedr\u00f8rende bruk av Kr\u00e5kelandsveien knyttet til fisking, bading og parkering. Vedr\u00f8rende bruk av Kr\u00e5kelandsveien vil det for sommersesongen 2022 v\u00e6re mulig for bygdelagets medlemmer \u00e5 benytte veien.\u00a0<\/p>\n<p>Det vil v\u00e6re oppmerkede parkeringsplasser som skal benyttes ved Bruskelandsvannet.<\/p>\n<p>Bygdelaget medlemmer som vet de kommer til \u00e5 benytte veien denne sesongen melder fra til leder av veilaget, Kr\u00e5kelandsveien, W\u00e6rner Bruskeland p\u00e5 telefornnummer 99449616<\/p>\n<p>Vis hensyn og f\u00f8lg skilting! GOD SOMMER!!<\/p>[\/et_pb_text][\/et_pb_column][\/et_pb_row][\/et_pb_section]\n","protected":false},"excerpt":{"rendered":"<p>Det har i det sist tiden v\u00e6rt en del usikkerhet rundt dette med bruk av Kr\u00e5kelandsveien i forhold til bygdelagets medlemmer. Styret i Bruskelandsheia bygdelag har i den forbindelse hatt [&hellip;]<\/p>\n","protected":false},"author":2,"featured_media":0,"comment_status":"closed","ping_status":"open","sticky":false,"template":"","format":"standard","meta":{"_et_pb_use_builder":"on","_et_pb_old_content":"","_et_gb_content_width":"1080","footnotes":""},"categories":[5],"tags":[],"class_list":["post-595","post","type-post","status-publish","format-standard","hentry","category-nyheter"],"_links":{"self":[{"href":"https:\/\/bruskelandsheia.no\/index.php?rest_route=\/wp\/v2\/posts\/595","targetHints":{"allow":["GET"]}}],"collection":[{"href":"https:\/\/bruskelandsheia.no\/index.php?rest_route=\/wp\/v2\/posts"}],"about":[{"href":"https:\/\/bruskelandsheia.no\/index.php?rest_route=\/wp\/v2\/types\/post"}],"author":[{"embeddable":true,"href":"https:\/\/bruskelandsheia.no\/index.php?rest_route=\/wp\/v2\/users\/2"}],"replies":[{"embeddable":true,"href":"https:\/\/bruskelandsheia.no\/index.php?rest_route=%2Fwp%2Fv2%2Fcomments&post=595"}],"version-history":[{"count":3,"href":"https:\/\/bruskelandsheia.no\/index.php?rest_route=\/wp\/v2\/posts\/595\/revisions"}],"predecessor-version":[{"id":598,"href":"https:\/\/bruskelandsheia.no\/index.php?rest_route=\/wp\/v2\/posts\/595\/revisions\/598"}],"wp:attachment":[{"href":"https:\/\/bruskelandsheia.no\/index.php?rest_route=%2Fwp%2Fv2%2Fmedia&parent=595"}],"wp:term":[{"taxonomy":"category","embeddable":true,"href":"https:\/\/bruskelandsheia.no\/index.php?rest_route=%2Fwp%2Fv2%2Fcategories&post=595"},{"taxonomy":"post_tag","embeddable":true,"href":"https:\/\/bruskelandsheia.no\/index.php?rest_route=%2Fwp%2Fv2%2Ftags&post=595"}],"curies":[{"name":"wp","href":"https:\/\/api.w.org\/{rel}","templated":true}]}}