{"id":1267,"date":"2024-08-20T18:41:22","date_gmt":"2024-08-20T18:41:22","guid":{"rendered":"https:\/\/bruskelandsheia.no\/?p=1267"},"modified":"2024-08-20T18:41:23","modified_gmt":"2024-08-20T18:41:23","slug":"kaffe-treff-i-kjelleren-28-08-24-kl-10-12","status":"publish","type":"post","link":"https:\/\/bruskelandsheia.no\/?p=1267","title":{"rendered":"Kaffe treff i kjelleren 28.08.24 kl 10-12."},"content":{"rendered":"<p>[et_pb_section fb_built=&raquo;1&#8243; theme_builder_area=&raquo;post_content&raquo; _builder_version=&raquo;4.21.0&#8243; _module_preset=&raquo;default&raquo;][et_pb_row _builder_version=&raquo;4.21.0&#8243; _module_preset=&raquo;default&raquo; theme_builder_area=&raquo;post_content&raquo;][et_pb_column _builder_version=&raquo;4.21.0&#8243; _module_preset=&raquo;default&raquo; type=&raquo;4_4&#8243; theme_builder_area=&raquo;post_content&raquo;][et_pb_text _builder_version=&raquo;4.21.0&#8243; _module_preset=&raquo;default&raquo; theme_builder_area=&raquo;post_content&raquo; border_width_right=&raquo;13px&raquo; border_color_all=&raquo;#000000&#8243; box_shadow_style=&raquo;preset2&#8243; box_shadow_horizontal=&raquo;-5px&raquo; box_shadow_vertical=&raquo;-24px&raquo; box_shadow_blur=&raquo;70px&raquo; box_shadow_spread=&raquo;61px&raquo; custom_margin=&raquo;0px||||false|false&raquo; custom_padding=&raquo;9px|||12px|false|false&raquo; hover_enabled=&raquo;0&#8243; sticky_enabled=&raquo;0&#8243;]<\/p>\n<p>Kj\u00e6re bygdefolk og andre som har lyst til \u00e5 komme.<\/p>\n<p>Onsdag starter vi opp med Kaffetreff i kjelleren. Det blir servert kaffe og vafler mens vi sammen finner en l\u00f8sning p\u00e5 hvordan det er \u00f8nskelig \u00e5 ha treffet fremover.<\/p>\n<p>Hjertelig velkommen skal du v\u00e6re om du er: i barselpermisjon, pensjonist, uf\u00f8r, hjemmev\u00e6rende, sykemeldt, jobber turnus eller har fri.<\/p>\n<p>Hilsen May Bente og Torhild.<\/p>\n<p><img loading=\"lazy\" decoding=\"async\" src=\"https:\/\/bruskelandsheia.no\/wp-content\/uploads\/2024\/06\/4-169x300.jpg\" width=\"169\" height=\"300\" alt=\"\" class=\"wp-image-1174 alignnone size-medium\" \/><\/p>\n<p>[\/et_pb_text][\/et_pb_column][\/et_pb_row][\/et_pb_section]<\/p>\n","protected":false},"excerpt":{"rendered":"<p>Kj\u00e6re bygdefolk og andre som har lyst til \u00e5 komme. Onsdag starter vi opp med Kaffetreff i kjelleren. Det blir servert kaffe og vafler mens vi sammen finner en l\u00f8sning [&hellip;]<\/p>\n","protected":false},"author":2,"featured_media":0,"comment_status":"closed","ping_status":"open","sticky":false,"template":"","format":"standard","meta":{"_et_pb_use_builder":"on","_et_pb_old_content":"","_et_gb_content_width":"1080","footnotes":""},"categories":[5],"tags":[],"class_list":["post-1267","post","type-post","status-publish","format-standard","hentry","category-nyheter"],"_links":{"self":[{"href":"https:\/\/bruskelandsheia.no\/index.php?rest_route=\/wp\/v2\/posts\/1267","targetHints":{"allow":["GET"]}}],"collection":[{"href":"https:\/\/bruskelandsheia.no\/index.php?rest_route=\/wp\/v2\/posts"}],"about":[{"href":"https:\/\/bruskelandsheia.no\/index.php?rest_route=\/wp\/v2\/types\/post"}],"author":[{"embeddable":true,"href":"https:\/\/bruskelandsheia.no\/index.php?rest_route=\/wp\/v2\/users\/2"}],"replies":[{"embeddable":true,"href":"https:\/\/bruskelandsheia.no\/index.php?rest_route=%2Fwp%2Fv2%2Fcomments&post=1267"}],"version-history":[{"count":2,"href":"https:\/\/bruskelandsheia.no\/index.php?rest_route=\/wp\/v2\/posts\/1267\/revisions"}],"predecessor-version":[{"id":1270,"href":"https:\/\/bruskelandsheia.no\/index.php?rest_route=\/wp\/v2\/posts\/1267\/revisions\/1270"}],"wp:attachment":[{"href":"https:\/\/bruskelandsheia.no\/index.php?rest_route=%2Fwp%2Fv2%2Fmedia&parent=1267"}],"wp:term":[{"taxonomy":"category","embeddable":true,"href":"https:\/\/bruskelandsheia.no\/index.php?rest_route=%2Fwp%2Fv2%2Fcategories&post=1267"},{"taxonomy":"post_tag","embeddable":true,"href":"https:\/\/bruskelandsheia.no\/index.php?rest_route=%2Fwp%2Fv2%2Ftags&post=1267"}],"curies":[{"name":"wp","href":"https:\/\/api.w.org\/{rel}","templated":true}]}}